{"id":402,"date":"2002-07-02T12:29:17","date_gmt":"2002-07-02T17:29:17","guid":{"rendered":"http:\/\/www.cetecic.com.ar\/revista\/?p=402"},"modified":"2022-11-30T22:36:56","modified_gmt":"2022-12-01T01:36:56","slug":"la-depresion-desde-la-perspectiva-cognitivo-conductual","status":"publish","type":"post","link":"https:\/\/cetecic.com.ar\/revista\/la-depresion-desde-la-perspectiva-cognitivo-conductual\/","title":{"rendered":"La Depresi\u00f3n desde la perspectiva Cognitivo Conductual"},"content":{"rendered":"\n<p>La depresi\u00f3n \u00abcl\u00ednica\u00bb es mucho m\u00e1s acentuada y grave que la depresi\u00f3n \u00abnormal\u00bb que experimentan todos los seres humanos ante determinadas situaciones. Es normal y transitorio sentir tristeza cuando muere un familiar, ante problemas laborales o acad\u00e9micos, ante la imposibilidad de concretar un viaje o un encuentro con un amigo un fin de semana.<\/p>\n\n\n\n<!--more-->\n\n\n\n<p>Sin embargo, cuando la depresi\u00f3n se torna intensa y se presenta de modo consistente casi a diario -est\u00e9n o no los sucesos que generan tristeza- la persona padece un trastorno del estado de \u00e1nimo. Los trastornos del estado de \u00e1nimo muestran frecuentemente alteraciones del humor o un estado emocional negativo de car\u00e1cter prolongado y persistente.<\/p>\n\n\n\n<p>El desorden m\u00e1s com\u00fan dentro de este grupo es la depresi\u00f3n (Trastorno Depresivo Mayor seg\u00fan el DSM-IV), un estado en el que la persona se siente muy triste y pierde el inter\u00e9s en la realizaci\u00f3n de actividades cotidianas. Aparecen sentimientos de inutilidad y desesperanza que se cristalizan en la idea de que la persona ha fracasado en su vida.<\/p>\n\n\n\n<p>El cansancio frecuente e intenso es acompa\u00f1ado de una gran dificultad para tomar decisiones a\u00fan en actividades muy sencillas. De este modo, incluso preparase un plato de comida o ba\u00f1arse pueden transformarse en un problema imposible de resolver. El cuadro se completa con s\u00edntomas tales como insomnio o hipersomnia, dificultad para la concentraci\u00f3n y falta de deseo sexual. Los pacientes graves pueden llevar a cabo intentos de suicidio.<\/p>\n\n\n\n<p>La depresi\u00f3n, entonces, presenta diversas caracter\u00edsticas cl\u00ednicas en las siguientes \u00e1reas: <strong>Estado de \u00e1nimo:<\/strong> sentimientos de tristeza, preocupaci\u00f3n, vac\u00edo, melancol\u00eda, sensaci\u00f3n de infelicidad. <strong>Cognoscitiva:<\/strong> dificultades en la concentraci\u00f3n, p\u00e9rdida de inter\u00e9s, pensamientos negativos, culpa, indecisi\u00f3n, ideas suicidas. <strong>Conducta:<\/strong> retraso o agitaci\u00f3n psicomotriz, aislamiento, relaciones de dependencia, llanto, suicidio. <strong>Som\u00e1tica:<\/strong> insomnio o hipersomnia, fatiga, aumento o disminuci\u00f3n de apetito, p\u00e9rdida o incremento del peso, molestias g\u00e1stricas, falta de deseo sexual.<\/p>\n\n\n\n<p>Adem\u00e1s del Trastorno Depresivo Mayor, al cual com\u00fanmente se lo llama simplemente \u00abdepresi\u00f3n\u00bb, existen otros Trastornos del Estado de \u00c1nimo: Trastorno Dist\u00edmico, Trastornos Bipolares, Trastorno Ciclot\u00edmico, etc.<\/p>\n\n\n\n<h2 class=\"wp-block-heading\">La Depresi\u00f3n desde la perspectiva cognitivo-conductual<\/h2>\n\n\n\n<p>Desde la perspectiva cognitiva (Aaron Beck, 1967) el paciente con depresi\u00f3n presenta un esquema que involucra una visi\u00f3n negativa de s\u00ed mismo, del entorno y del futuro. A este esquema se lo conoce como la tr\u00edada cognitiva. El paciente se ve a s\u00ed mismo incapaz e in\u00fatil, quiz\u00e1s despreciable o defectuoso. Con relaci\u00f3n a su entorno, interpreta en t\u00e9rminos de da\u00f1os y p\u00e9rdidas la mayor parte de sus experiencias vitales al tiempo que cree que el futuro vendr\u00e1 acompa\u00f1ado de fracasos y frustraciones. Dado que la persona con depresi\u00f3n se siente desesperanzada, cree que las situaciones venideras ser\u00e1n incontrolables; responde entonces con pasividad, resignada a no poder modificarlas.<\/p>\n\n\n\n<p>Otros enfoques plantean que el impacto de sucesos vitales estresantes predispone a la depresi\u00f3n cuando el paciente no posee habilidades espec\u00edficas para enfrentarlos y resolverlos. El tratamiento conductual de la depresi\u00f3n est\u00e1 orientado a cambiar las contingencias que mantienen el estado de \u00e1nimo depresivo; pues es frecuente que el paciente no reciba reforzamiento ambiental ni por las tareas que lleva a cabo ni en sus relaciones interpersonales. Com\u00fanmente, el paciente no siente deseos de llevar a cabo actividades por lo cual se establecen objetivos peque\u00f1os al principio que se transforman progresivamente en otros de mayor complejidad. Los procedimientos conductuales m\u00e1s utilizados incluyen:<\/p>\n\n\n\n<ul class=\"wp-block-list\">\n<li>Programaci\u00f3n y ejecuci\u00f3n de actividades graduales.<\/li>\n\n\n\n<li>Reforzamiento de las peque\u00f1as acciones realizadas.<\/li>\n\n\n\n<li>Entrenamiento en resoluci\u00f3n de problemas.<\/li>\n\n\n\n<li>Aprendizaje de habilidades de afrontamiento para situaciones estresantes.<\/li>\n<\/ul>\n\n\n\n<p>A medida que el paciente percibe que tiene dominio de las actividades que realiza y que disfruta de las mismas, va recuperando la confianza en s\u00ed mismo. De este modo, se anima a llevar a cabo tareas que hace tiempo hab\u00eda abandonado tales como el ejercicio f\u00edsico, hobbies, estudios, etc.<\/p>\n\n\n\n<p>El tratamiento cognitivo de la depresi\u00f3n tiene como objetivo la reestructuraci\u00f3n de los pensamientos distorsionados que generan malestar en el paciente. El terapeuta ense\u00f1a al paciente a reemplazarlos por otros m\u00e1s realistas y positivos.<\/p>\n\n\n\n<p>Por ejemplo, un hombre de 49 a\u00f1os, divorciado recientemente es rechazado cuando intenta concretar una primera cita. El paciente interpreta este evento de modo extremadamente negativo, desarrollando un cuadro depresivo. Se dice a s\u00ed mismo frases negativas como: \u00abno soy agradable para los dem\u00e1s\u00bb, \u00abme equivoqu\u00e9 en lo que hice\u00bb, \u00abnunca voy a poder concretar citas, me quedar\u00e9 solo\u00bb. Este modo de pensar lo condujo a que no intentara generar nuevos contactos sociales, recluy\u00e9ndose todav\u00eda m\u00e1s y llegando a la conclusi\u00f3n de que su vida no tiene ning\u00fan sentido. Los pensamientos negativos distorsionados y las expectativas de fracaso predisponen a que el paciente permanezca m\u00e1s desesperanzado e inactivo a\u00fan.<\/p>\n\n\n\n<p>Durante la terapia el paciente aprende a identificar los pensamientos negativos, a discutirlos y transformarlos en realistas y positivos. Entiende, por ejemplo, que el hecho de ser rechazado en una cita no implica que se quedar\u00e1 solo. La modificaci\u00f3n de los pensamientos negativos conduce a cambios favorables en el estado de \u00e1nimo y a mejorar la visi\u00f3n que posee el paciente de s\u00ed mismo, del entorno y de su futuro.<\/p>\n\n\n\n<h2 class=\"wp-block-heading\">H\u00e1bitos que ayudan a reducir la depresi\u00f3n<\/h2>\n\n\n\n<ol class=\"wp-block-list\">\n<li><strong>Realizar actividades constructivas.<\/strong> La acci\u00f3n permite reducir la depresi\u00f3n. Muchos pacientes no hacen determinadas tareas porque dicen \u00abno tener ganas\u00bb. Es un c\u00edrculo vicioso: cuanto menos hacen, m\u00e1s se deprimen y menos deseos tendr\u00e1n de iniciar actividades.\n<ul class=\"wp-block-list\">\n<li>Confeccione una lista de actividades diarias desde el inicio del d\u00eda hasta la noche. En la depresi\u00f3n incluso las peque\u00f1as tareas se perciben como si fuesen enormes y arduas.<\/li>\n\n\n\n<li>Divida las actividades complejas en pasos peque\u00f1os.<\/li>\n\n\n\n<li>No espere sentir ganas de actuar para empezar a hacerlo. La acci\u00f3n debe preceder a la motivaci\u00f3n.<\/li>\n<\/ul>\n<\/li>\n\n\n\n<li><strong>Realice actividad f\u00edsica de modo constante \/ practique h\u00e1bitos de salud.<\/strong>\n<ul class=\"wp-block-list\">\n<li>El ejercicio f\u00edsico mejora el estado de \u00e1nimo y favorece la relajaci\u00f3n. No se imponga metas demasiado exigentes al principio. Comience el primer d\u00eda con ejercicios livianos y aumente gradualmente el tiempo que ejercita.<\/li>\n<\/ul>\n<\/li>\n\n\n\n<li><strong>Practique actividades placenteras.<\/strong>\n<ul class=\"wp-block-list\">\n<li>Programe su tiempo para hobbies, actividades de tiempo libre y contacto con la naturaleza.<\/li>\n\n\n\n<li>Capac\u00edtese en disciplinas que desear\u00eda conocer.<\/li>\n<\/ul>\n<\/li>\n\n\n\n<li><strong>Evite el aislamiento<\/strong>\n<ul class=\"wp-block-list\">\n<li>Re\u00fanase con amigos, practique vida social. El apoyo social reduce el estr\u00e9s y la depresi\u00f3n.<\/li>\n<\/ul>\n<\/li>\n<\/ol>\n\n\n\n<p class=\"has-text-align-right art-firma\">Por: Lic. Jos\u00e9 Dahab, Lic. Carmela Rivadeneira y Lic. Ariel Minici<\/p>\n\n\n\n<div class=\"wp-block-buttons is-layout-flex wp-block-buttons-is-layout-flex\">\n<div class=\"wp-block-button has-custom-font-size is-style-outline is-style-outline--1\" style=\"font-size:16px\"><a class=\"wp-block-button__link has-text-color wp-element-button\" href=\"https:\/\/cetecic.com.ar\/revista\/wp-content\/uploads\/2022\/11\/la-depresion-desde-la-perspectiva-cognitivo-conductual.pdf\" style=\"color:#b90000\" target=\"_blank\" rel=\"noreferrer noopener\">descargar este art\u00edculo <i class=\"fa fa-file-pdf\" style=\"font-size:20px;\"><\/i><\/a><\/div>\n<\/div>\n","protected":false},"excerpt":{"rendered":"<p>La depresi\u00f3n \u00abcl\u00ednica\u00bb es mucho m\u00e1s acentuada y grave que la depresi\u00f3n \u00abnormal\u00bb que experimentan&#8230;<\/p>\n","protected":false},"author":1,"featured_media":1048,"comment_status":"closed","ping_status":"closed","sticky":false,"template":"","format":"standard","meta":{"footnotes":""},"categories":[407,16],"tags":[6,96,158],"class_list":["post-402","post","type-post","status-publish","format-standard","has-post-thumbnail","hentry","category-revista-3","category-tecnicos-y-de-tratamiento","tag-depresion","tag-discusion-cognitiva","tag-triada-cognitiva"],"_links":{"self":[{"href":"https:\/\/cetecic.com.ar\/revista\/wp-json\/wp\/v2\/posts\/402","targetHints":{"allow":["GET"]}}],"collection":[{"href":"https:\/\/cetecic.com.ar\/revista\/wp-json\/wp\/v2\/posts"}],"about":[{"href":"https:\/\/cetecic.com.ar\/revista\/wp-json\/wp\/v2\/types\/post"}],"author":[{"embeddable":true,"href":"https:\/\/cetecic.com.ar\/revista\/wp-json\/wp\/v2\/users\/1"}],"replies":[{"embeddable":true,"href":"https:\/\/cetecic.com.ar\/revista\/wp-json\/wp\/v2\/comments?post=402"}],"version-history":[{"count":8,"href":"https:\/\/cetecic.com.ar\/revista\/wp-json\/wp\/v2\/posts\/402\/revisions"}],"predecessor-version":[{"id":2098,"href":"https:\/\/cetecic.com.ar\/revista\/wp-json\/wp\/v2\/posts\/402\/revisions\/2098"}],"wp:featuredmedia":[{"embeddable":true,"href":"https:\/\/cetecic.com.ar\/revista\/wp-json\/wp\/v2\/media\/1048"}],"wp:attachment":[{"href":"https:\/\/cetecic.com.ar\/revista\/wp-json\/wp\/v2\/media?parent=402"}],"wp:term":[{"taxonomy":"category","embeddable":true,"href":"https:\/\/cetecic.com.ar\/revista\/wp-json\/wp\/v2\/categories?post=402"},{"taxonomy":"post_tag","embeddable":true,"href":"https:\/\/cetecic.com.ar\/revista\/wp-json\/wp\/v2\/tags?post=402"}],"curies":[{"name":"wp","href":"https:\/\/api.w.org\/{rel}","templated":true}]}}